{"id":132,"date":"2010-08-26T04:44:44","date_gmt":"2010-08-26T02:44:44","guid":{"rendered":"http:\/\/martin-esser.eu\/blog\/?p=132"},"modified":"2010-08-26T04:44:44","modified_gmt":"2010-08-26T02:44:44","slug":"essen-mit-hilfsmitteln","status":"publish","type":"post","link":"https:\/\/martin-esser.eu\/blog\/2010\/08\/essen-mit-hilfsmitteln\/","title":{"rendered":"Essen mit Hilfsmitteln"},"content":{"rendered":"<p>Ausgepackt, aufgebaut und einger\u00c3\u00a4umt. Die gr\u00c3\u00b6\u00c3\u0178ten Eink\u00c3\u00a4ufe sind erledigt und bis auf Wanddeko ist mein Zimmer fertig eingerichtet. Wenn jemand Vorschl\u00c3\u00a4ge f\u00c3\u00bcr Poster\/Bilder\/Sonstiges f\u00c3\u00bcr meine W\u00c3\u00a4nde hat dann bitte immer her damit!<\/p>\n<p>Jetzt wo ich endlich Teller, Gl\u00c3\u00a4ser und Besteck sowie T\u00c3\u00b6pfe und Pfannen habe, konnten Lena und ich anfangen &#8220;richtig&#8221; zu essen. Hier nochmal ein kleines &#8220;Vorher-Nachher&#8221;:<\/p>\n<div id='gallery-1' class='gallery galleryid-132 gallery-columns-2 gallery-size-thumbnail'><figure class='gallery-item'>\n\t\t\t<div class='gallery-icon portrait'>\n\t\t\t\t<a href='https:\/\/martin-esser.eu\/blog\/wp-content\/uploads\/2010\/08\/IMG_33141.jpg'><img loading=\"lazy\" decoding=\"async\" width=\"150\" height=\"150\" src=\"https:\/\/martin-esser.eu\/blog\/wp-content\/uploads\/2010\/08\/IMG_33141-150x150.jpg\" class=\"attachment-thumbnail size-thumbnail\" alt=\"Vorher\" aria-describedby=\"gallery-1-134\" \/><\/a>\n\t\t\t<\/div>\n\t\t\t\t<figcaption class='wp-caption-text gallery-caption' id='gallery-1-134'>\n\t\t\t\tVorher\n\t\t\t\t<\/figcaption><\/figure><figure class='gallery-item'>\n\t\t\t<div class='gallery-icon landscape'>\n\t\t\t\t<a href='https:\/\/martin-esser.eu\/blog\/wp-content\/uploads\/2010\/08\/IMG_3366.jpg'><img loading=\"lazy\" decoding=\"async\" width=\"150\" height=\"150\" src=\"https:\/\/martin-esser.eu\/blog\/wp-content\/uploads\/2010\/08\/IMG_3366-150x150.jpg\" class=\"attachment-thumbnail size-thumbnail\" alt=\"Nachher\" aria-describedby=\"gallery-1-133\" \/><\/a>\n\t\t\t<\/div>\n\t\t\t\t<figcaption class='wp-caption-text gallery-caption' id='gallery-1-133'>\n\t\t\t\tNachher\n\t\t\t\t<\/figcaption><\/figure>\n\t\t<\/div>\n\n","protected":false},"excerpt":{"rendered":"<p>Ausgepackt, aufgebaut und einger\u00c3\u00a4umt. Die gr\u00c3\u00b6\u00c3\u0178ten Eink\u00c3\u00a4ufe sind erledigt und bis auf Wanddeko ist mein Zimmer fertig eingerichtet. Wenn jemand Vorschl\u00c3\u00a4ge f\u00c3\u00bcr Poster\/Bilder\/Sonstiges f\u00c3\u00bcr meine W\u00c3\u00a4nde hat dann bitte immer her damit! Jetzt wo ich endlich Teller, Gl\u00c3\u00a4ser und Besteck sowie T\u00c3\u00b6pfe und Pfannen habe, konnten Lena und ich anfangen &#8220;richtig&#8221; zu essen. Hier nochmal &hellip; <a href=\"https:\/\/martin-esser.eu\/blog\/2010\/08\/essen-mit-hilfsmitteln\/\" class=\"more-link\">Continue reading <span class=\"screen-reader-text\">Essen mit Hilfsmitteln<\/span> <span class=\"meta-nav\">&rarr;<\/span><\/a><\/p>\n","protected":false},"author":2,"featured_media":0,"comment_status":"open","ping_status":"open","sticky":false,"template":"","format":"standard","meta":{"ngg_post_thumbnail":0,"footnotes":""},"categories":[5],"tags":[],"class_list":["post-132","post","type-post","status-publish","format-standard","hentry","category-usa"],"_links":{"self":[{"href":"https:\/\/martin-esser.eu\/blog\/wp-json\/wp\/v2\/posts\/132","targetHints":{"allow":["GET"]}}],"collection":[{"href":"https:\/\/martin-esser.eu\/blog\/wp-json\/wp\/v2\/posts"}],"about":[{"href":"https:\/\/martin-esser.eu\/blog\/wp-json\/wp\/v2\/types\/post"}],"author":[{"embeddable":true,"href":"https:\/\/martin-esser.eu\/blog\/wp-json\/wp\/v2\/users\/2"}],"replies":[{"embeddable":true,"href":"https:\/\/martin-esser.eu\/blog\/wp-json\/wp\/v2\/comments?post=132"}],"version-history":[{"count":2,"href":"https:\/\/martin-esser.eu\/blog\/wp-json\/wp\/v2\/posts\/132\/revisions"}],"predecessor-version":[{"id":136,"href":"https:\/\/martin-esser.eu\/blog\/wp-json\/wp\/v2\/posts\/132\/revisions\/136"}],"wp:attachment":[{"href":"https:\/\/martin-esser.eu\/blog\/wp-json\/wp\/v2\/media?parent=132"}],"wp:term":[{"taxonomy":"category","embeddable":true,"href":"https:\/\/martin-esser.eu\/blog\/wp-json\/wp\/v2\/categories?post=132"},{"taxonomy":"post_tag","embeddable":true,"href":"https:\/\/martin-esser.eu\/blog\/wp-json\/wp\/v2\/tags?post=132"}],"curies":[{"name":"wp","href":"https:\/\/api.w.org\/{rel}","templated":true}]}}