{"id":137,"date":"2010-08-27T03:15:38","date_gmt":"2010-08-27T01:15:38","guid":{"rendered":"http:\/\/martin-esser.eu\/blog\/?p=137"},"modified":"2010-09-01T04:40:12","modified_gmt":"2010-09-01T02:40:12","slug":"lena-zieht-aus","status":"publish","type":"post","link":"https:\/\/martin-esser.eu\/blog\/2010\/08\/lena-zieht-aus\/","title":{"rendered":"Lena zieht aus"},"content":{"rendered":"<p>Sechs Tage haben wir zusammen gewohnt, heute ist sie ausgezogen. Meine &#8220;Mit-Fulbrighterin&#8221; ist heute mit Sack und Pack ausgezogen, um ihr eigenes Wohnheimzimmer zu beziehen. Das liegt ca. drei Blocks entfernt und so lie\u00c3\u0178 sich der Umzug zu Fu\u00c3\u0178 erledigen. Wir haben alle Koffer zusammengelegt, beladen und in zwei L\u00c3\u00a4ufen in ihr Zimmer gebracht. Die letzten vier Tage hat es hier nur geregnet und so waren wir gl\u00c3\u00bccklich, dass es heute 26 Grad warm und sonnig war.<\/p>\n<div id='gallery-1' class='gallery galleryid-137 gallery-columns-2 gallery-size-thumbnail'><figure class='gallery-item'>\n\t\t\t<div class='gallery-icon portrait'>\n\t\t\t\t<a href='https:\/\/martin-esser.eu\/blog\/wp-content\/uploads\/2010\/08\/IMG_3368.jpg'><img loading=\"lazy\" decoding=\"async\" width=\"150\" height=\"150\" src=\"https:\/\/martin-esser.eu\/blog\/wp-content\/uploads\/2010\/08\/IMG_3368-150x150.jpg\" class=\"attachment-thumbnail size-thumbnail\" alt=\"Lenas Gep\u00c3\u00a4ck\" aria-describedby=\"gallery-1-138\" \/><\/a>\n\t\t\t<\/div>\n\t\t\t\t<figcaption class='wp-caption-text gallery-caption' id='gallery-1-138'>\n\t\t\t\tLenas Gep\u00c3\u00a4ck\n\t\t\t\t<\/figcaption><\/figure><figure class='gallery-item'>\n\t\t\t<div class='gallery-icon portrait'>\n\t\t\t\t<a href='https:\/\/martin-esser.eu\/blog\/wp-content\/uploads\/2010\/08\/IMG_3373.jpg'><img loading=\"lazy\" decoding=\"async\" width=\"150\" height=\"150\" src=\"https:\/\/martin-esser.eu\/blog\/wp-content\/uploads\/2010\/08\/IMG_3373-150x150.jpg\" class=\"attachment-thumbnail size-thumbnail\" alt=\"&quot;G\u00c3\u00a4stezimmer&quot; ohne Gast\" aria-describedby=\"gallery-1-139\" \/><\/a>\n\t\t\t<\/div>\n\t\t\t\t<figcaption class='wp-caption-text gallery-caption' id='gallery-1-139'>\n\t\t\t\t&#8220;G\u00c3\u00a4stezimmer&#8221; ohne Gast\n\t\t\t\t<\/figcaption><\/figure>\n\t\t<\/div>\n\n<p>Ich finde es sehr schade, dass sie auszieht. Es war wirklich sch\u00c3\u00b6n zusammen zu Kochen, die Gegend zu erkunden und einfach ein bisschen Deutsch zu reden. Generell war sie ein guter Gespr\u00c3\u00a4chspartner und Mitbewohner. Aber sie ist ja nicht aus der Welt. In nicht mal zehn Minuten zu Fu\u00c3\u0178 komme ich zu ihr. Vielleicht schaffen wir es ja ab und an zusammen zu kochen oder wehzugehen. Die letzten Tage haben wir damit verbracht einiges hier in der Gegen zu erledigen, z.B. den Studentenausweis abzuholen oder den Campus-Shuttle auszuprobieren. Diese Shuttles fahren halbst\u00c3\u00bcndlichen an bestimmten Tagen verschiedene Routen ab. Das tollte daran: Es ist kostenlos und jeder Bus ist mit einem GPS-Sender ausgestattet der mit Google Maps verbunden ist. So kann man genau sehen wo welcher Bus gerade ist und wann er an welcher Haltestelle ankommt. Wenn es bei euch gerade zwischen 21:30 und 6:00 Uhr ist, k\u00c3\u00b6nnte ihr <a title=\"DIESEN\" href=\"http:\/\/www.nextbus.com\/googleMap\/googleMap.jsp?a=rutgers-newark&amp;r=kearney&amp;d=loop&amp;s=boyd\" target=\"_blank\">DIESEN<\/a> Link anklicken und die Shuttles in Aktion sehen!<\/p>\n<p>Ich habe au\u00c3\u0178erdem mein iPhone abholen k\u00c3\u00b6nnen, sodass ich endlich wieder was zum Spielen habe. \ud83d\ude42 Das Handy ist in Nutzerfreundlichkeit wirklich unvergleichbar mit allen anderen Mobiltelefonen. Wer sich f\u00c3\u00bcr Details interessiert kann sich ja einfach bei mir melden. \ud83d\ude09<\/p>\n<p>Morgen fahre ich f\u00c3\u00bcr vier Tage nach Syracuse, NY, um einen anderen &#8220;Mit-Fulbrighter&#8221; zu besuchen, bevor die Uni am Mittwoch anf\u00c3\u00a4ngt. Dazu nehme ich den <a title=\"Greyhound Bus\" href=\"http:\/\/www.greyhound.com\/\" target=\"_blank\">Greyhound Bus<\/a> der von Newarker Hauptbahnhof abf\u00c3\u00a4hrt und knapp sieben Stunden sp\u00c3\u00a4ter in Syracuse ankommt. Mit dem Auto br\u00c3\u00a4uchte man vier Stunden&#8230; ich verstehe schon wieso die Leute hier ein eigenes Auto haben statt die \u00c3\u00b6ffentlichen Verkehrsmittel zu nutzen.<\/p>\n","protected":false},"excerpt":{"rendered":"<p>Sechs Tage haben wir zusammen gewohnt, heute ist sie ausgezogen. Meine &#8220;Mit-Fulbrighterin&#8221; ist heute mit Sack und Pack ausgezogen, um ihr eigenes Wohnheimzimmer zu beziehen. Das liegt ca. drei Blocks entfernt und so lie\u00c3\u0178 sich der Umzug zu Fu\u00c3\u0178 erledigen. Wir haben alle Koffer zusammengelegt, beladen und in zwei L\u00c3\u00a4ufen in ihr Zimmer gebracht. Die &hellip; <a href=\"https:\/\/martin-esser.eu\/blog\/2010\/08\/lena-zieht-aus\/\" class=\"more-link\">Continue reading <span class=\"screen-reader-text\">Lena zieht aus<\/span> <span class=\"meta-nav\">&rarr;<\/span><\/a><\/p>\n","protected":false},"author":2,"featured_media":0,"comment_status":"open","ping_status":"open","sticky":false,"template":"","format":"standard","meta":{"ngg_post_thumbnail":0,"footnotes":""},"categories":[5],"tags":[],"class_list":["post-137","post","type-post","status-publish","format-standard","hentry","category-usa"],"_links":{"self":[{"href":"https:\/\/martin-esser.eu\/blog\/wp-json\/wp\/v2\/posts\/137","targetHints":{"allow":["GET"]}}],"collection":[{"href":"https:\/\/martin-esser.eu\/blog\/wp-json\/wp\/v2\/posts"}],"about":[{"href":"https:\/\/martin-esser.eu\/blog\/wp-json\/wp\/v2\/types\/post"}],"author":[{"embeddable":true,"href":"https:\/\/martin-esser.eu\/blog\/wp-json\/wp\/v2\/users\/2"}],"replies":[{"embeddable":true,"href":"https:\/\/martin-esser.eu\/blog\/wp-json\/wp\/v2\/comments?post=137"}],"version-history":[{"count":2,"href":"https:\/\/martin-esser.eu\/blog\/wp-json\/wp\/v2\/posts\/137\/revisions"}],"predecessor-version":[{"id":161,"href":"https:\/\/martin-esser.eu\/blog\/wp-json\/wp\/v2\/posts\/137\/revisions\/161"}],"wp:attachment":[{"href":"https:\/\/martin-esser.eu\/blog\/wp-json\/wp\/v2\/media?parent=137"}],"wp:term":[{"taxonomy":"category","embeddable":true,"href":"https:\/\/martin-esser.eu\/blog\/wp-json\/wp\/v2\/categories?post=137"},{"taxonomy":"post_tag","embeddable":true,"href":"https:\/\/martin-esser.eu\/blog\/wp-json\/wp\/v2\/tags?post=137"}],"curies":[{"name":"wp","href":"https:\/\/api.w.org\/{rel}","templated":true}]}}