{"id":29,"date":"2010-08-12T20:13:34","date_gmt":"2010-08-12T18:13:34","guid":{"rendered":"http:\/\/martin-esser.eu\/blog\/?p=29"},"modified":"2010-08-14T04:06:14","modified_gmt":"2010-08-14T02:06:14","slug":"tag-vor-der-abreise","status":"publish","type":"post","link":"https:\/\/martin-esser.eu\/blog\/2010\/08\/tag-vor-der-abreise\/","title":{"rendered":"Tag vor der Abreise"},"content":{"rendered":"<p>Nun ist es TATS\u00c3\u201eCHLICH soweit. Morgen fr\u00c3\u00bch gehts los. Um halb 8 starte ich mit meinem Vater Richtung Frankfurt Flughafen. Um 11:20 Uhr geht dann mein Flug nach Newark. Und dazu noch mit Lufthansa, da hoff ich doch auf etwas Beinfreiheit! Ich fliege ca. 8 Stunden und bin (weil ich gegen die Zeit fliege) schon um 14:00 Uhr amerikanische Zeit da. Dann geht es auf ins Motel, in dem ich die ersten Tage bleibe, bis ich in meine Wohnung\/WG einziehen kann. Werde da erstmal entspannen, hoffen dass ich Internet habe und in der Gegend ein bisschen rumschlendern. Der Plan f\u00c3\u00bcr Samstag ist dann Bankkonto er\u00c3\u00b6ffnen und Handyvertrag abschlie\u00c3\u0178en. Und nat\u00c3\u00bcrlich schlafen! Der Zeitunterschied zu Deutschland betr\u00c3\u00a4gt -6 Stunden.<\/p>\n<p>Den Tag heute habe ich mit letzten Eink\u00c3\u00a4ufen, Telefonaten und nat\u00c3\u00bcrlich mit Kofferpacken verbracht. Ich war ganz erstaunt, dass mein Gep\u00c3\u00a4ck ohne Probleme in zwei Koffer passt, die nicht mal die Gewichtsbeschr\u00c3\u00a4nkung sperren. 23 Kilo pro Tasche darf ich, tats\u00c3\u00a4chlich sind es nur 22 und 10. Auch das Handgep\u00c3\u00a4ck bleibt mit 6,5 Kilo knapp unter den maximal 7 Kilo. Das hier trage ich morgen also alles mit mir rum:<\/p>\n<figure id=\"attachment_30\" aria-describedby=\"caption-attachment-30\" style=\"width: 150px\" class=\"wp-caption alignnone\"><a href=\"http:\/\/martin-esser.eu\/blog\/wp-content\/uploads\/2010\/08\/IMG_3206.jpg\"><img loading=\"lazy\" decoding=\"async\" class=\"size-thumbnail wp-image-30\" title=\"Abreisegepaeck\" src=\"http:\/\/martin-esser.eu\/blog\/wp-content\/uploads\/2010\/08\/IMG_3206-150x150.jpg\" alt=\"Abreisegep\u00c3\u00a4ck\" width=\"150\" height=\"150\" \/><\/a><figcaption id=\"caption-attachment-30\" class=\"wp-caption-text\">Abreisegep\u00c3\u00a4ck<\/figcaption><\/figure>\n","protected":false},"excerpt":{"rendered":"<p>Nun ist es TATS\u00c3\u201eCHLICH soweit. Morgen fr\u00c3\u00bch gehts los. Um halb 8 starte ich mit meinem Vater Richtung Frankfurt Flughafen. Um 11:20 Uhr geht dann mein Flug nach Newark. Und dazu noch mit Lufthansa, da hoff ich doch auf etwas Beinfreiheit! Ich fliege ca. 8 Stunden und bin (weil ich gegen die Zeit fliege) schon &hellip; <a href=\"https:\/\/martin-esser.eu\/blog\/2010\/08\/tag-vor-der-abreise\/\" class=\"more-link\">Continue reading <span class=\"screen-reader-text\">Tag vor der Abreise<\/span> <span class=\"meta-nav\">&rarr;<\/span><\/a><\/p>\n","protected":false},"author":2,"featured_media":0,"comment_status":"open","ping_status":"open","sticky":false,"template":"","format":"standard","meta":{"ngg_post_thumbnail":0,"footnotes":""},"categories":[5],"tags":[7,160],"class_list":["post-29","post","type-post","status-publish","format-standard","hentry","category-usa","tag-reise","tag-usa"],"_links":{"self":[{"href":"https:\/\/martin-esser.eu\/blog\/wp-json\/wp\/v2\/posts\/29","targetHints":{"allow":["GET"]}}],"collection":[{"href":"https:\/\/martin-esser.eu\/blog\/wp-json\/wp\/v2\/posts"}],"about":[{"href":"https:\/\/martin-esser.eu\/blog\/wp-json\/wp\/v2\/types\/post"}],"author":[{"embeddable":true,"href":"https:\/\/martin-esser.eu\/blog\/wp-json\/wp\/v2\/users\/2"}],"replies":[{"embeddable":true,"href":"https:\/\/martin-esser.eu\/blog\/wp-json\/wp\/v2\/comments?post=29"}],"version-history":[{"count":5,"href":"https:\/\/martin-esser.eu\/blog\/wp-json\/wp\/v2\/posts\/29\/revisions"}],"predecessor-version":[{"id":34,"href":"https:\/\/martin-esser.eu\/blog\/wp-json\/wp\/v2\/posts\/29\/revisions\/34"}],"wp:attachment":[{"href":"https:\/\/martin-esser.eu\/blog\/wp-json\/wp\/v2\/media?parent=29"}],"wp:term":[{"taxonomy":"category","embeddable":true,"href":"https:\/\/martin-esser.eu\/blog\/wp-json\/wp\/v2\/categories?post=29"},{"taxonomy":"post_tag","embeddable":true,"href":"https:\/\/martin-esser.eu\/blog\/wp-json\/wp\/v2\/tags?post=29"}],"curies":[{"name":"wp","href":"https:\/\/api.w.org\/{rel}","templated":true}]}}