{"id":323,"date":"2010-12-30T11:55:20","date_gmt":"2010-12-30T09:55:20","guid":{"rendered":"http:\/\/martin-esser.eu\/blog\/?p=323"},"modified":"2010-12-30T11:57:53","modified_gmt":"2010-12-30T09:57:53","slug":"mit-gerrit-und-daniel-in-hamburg","status":"publish","type":"post","link":"https:\/\/martin-esser.eu\/blog\/2010\/12\/mit-gerrit-und-daniel-in-hamburg\/","title":{"rendered":"Mit Gerrit und Daniel in Hamburg"},"content":{"rendered":"<p>Am 27. habe ich es gewagt eine Fahrt mit der Deutschen Bahn (von Mannheim) nach Hamburg anzutreten. Von zu sp\u00e4t bereitgestellten Z\u00fcgen \u00fcber vereiste Weichen, belegte Gleise und St\u00f6rungen am Triebfahrzeug war alles dabei&#8230; Mit fast zwei Stunden Versp\u00e4tung bin ich dann angekommen. Im Vergleich zu dem Chaos vor Weihnachten hatte ich wohl noch Gl\u00fcck.<\/p>\n<p>Es war sehr sch\u00f6n meine beiden BiTS-Kumpels wiederzusehen. Wir haben viel gequatscht, gelacht und rumgebl\u00f6delt. Wie immer eben \ud83d\ude09 Nebenbei sind wir in Hamburg im Schneetreiben bei -8\u00b0C rumgelaufen. Wir haben uns u.a. den alten Elbtunnel angeschaut und ich hab meine neue iPhone App &#8220;Hipstamatic&#8221; ausprobiert die wirklich sch\u00f6ne Retrobilder schie\u00dft.<\/p>\n<div id='gallery-1' class='gallery galleryid-323 gallery-columns-3 gallery-size-thumbnail'><figure class='gallery-item'>\n\t\t\t<div class='gallery-icon portrait'>\n\t\t\t\t<a href='https:\/\/martin-esser.eu\/blog\/wp-content\/uploads\/2010\/12\/IMG_0464_H.jpg'><img loading=\"lazy\" decoding=\"async\" width=\"150\" height=\"150\" src=\"https:\/\/martin-esser.eu\/blog\/wp-content\/uploads\/2010\/12\/IMG_0464_H-150x150.jpg\" class=\"attachment-thumbnail size-thumbnail\" alt=\"Mit Samson, Gerrit und Daniel im Wald\" aria-describedby=\"gallery-1-326\" \/><\/a>\n\t\t\t<\/div>\n\t\t\t\t<figcaption class='wp-caption-text gallery-caption' id='gallery-1-326'>\n\t\t\t\tMit Samson, Gerrit und Daniel im Wald\n\t\t\t\t<\/figcaption><\/figure><figure class='gallery-item'>\n\t\t\t<div class='gallery-icon landscape'>\n\t\t\t\t<a href='https:\/\/martin-esser.eu\/blog\/wp-content\/uploads\/2010\/12\/IMG_0476.jpg'><img loading=\"lazy\" decoding=\"async\" width=\"150\" height=\"150\" src=\"https:\/\/martin-esser.eu\/blog\/wp-content\/uploads\/2010\/12\/IMG_0476-150x150.jpg\" class=\"attachment-thumbnail size-thumbnail\" alt=\"Abstieg zum Alten Elbtunnel\" aria-describedby=\"gallery-1-325\" srcset=\"https:\/\/martin-esser.eu\/blog\/wp-content\/uploads\/2010\/12\/IMG_0476-150x150.jpg 150w, https:\/\/martin-esser.eu\/blog\/wp-content\/uploads\/2010\/12\/IMG_0476-300x300.jpg 300w, https:\/\/martin-esser.eu\/blog\/wp-content\/uploads\/2010\/12\/IMG_0476.jpg 600w\" sizes=\"auto, (max-width: 150px) 100vw, 150px\" \/><\/a>\n\t\t\t<\/div>\n\t\t\t\t<figcaption class='wp-caption-text gallery-caption' id='gallery-1-325'>\n\t\t\t\tAbstieg zum Alten Elbtunnel\n\t\t\t\t<\/figcaption><\/figure><figure class='gallery-item'>\n\t\t\t<div class='gallery-icon landscape'>\n\t\t\t\t<a href='https:\/\/martin-esser.eu\/blog\/wp-content\/uploads\/2010\/12\/IMG_0473.jpg'><img loading=\"lazy\" decoding=\"async\" width=\"150\" height=\"150\" src=\"https:\/\/martin-esser.eu\/blog\/wp-content\/uploads\/2010\/12\/IMG_0473-150x150.jpg\" class=\"attachment-thumbnail size-thumbnail\" alt=\"Der 427m-lange Alte Elbtunnel\" aria-describedby=\"gallery-1-324\" srcset=\"https:\/\/martin-esser.eu\/blog\/wp-content\/uploads\/2010\/12\/IMG_0473-150x150.jpg 150w, https:\/\/martin-esser.eu\/blog\/wp-content\/uploads\/2010\/12\/IMG_0473-300x300.jpg 300w, https:\/\/martin-esser.eu\/blog\/wp-content\/uploads\/2010\/12\/IMG_0473.jpg 600w\" sizes=\"auto, (max-width: 150px) 100vw, 150px\" \/><\/a>\n\t\t\t<\/div>\n\t\t\t\t<figcaption class='wp-caption-text gallery-caption' id='gallery-1-324'>\n\t\t\t\tDer 427m-lange Alte Elbtunnel\n\t\t\t\t<\/figcaption><\/figure>\n\t\t<\/div>\n\n","protected":false},"excerpt":{"rendered":"<p>Am 27. habe ich es gewagt eine Fahrt mit der Deutschen Bahn (von Mannheim) nach Hamburg anzutreten. Von zu sp\u00e4t bereitgestellten Z\u00fcgen \u00fcber vereiste Weichen, belegte Gleise und St\u00f6rungen am Triebfahrzeug war alles dabei&#8230; Mit fast zwei Stunden Versp\u00e4tung bin ich dann angekommen. Im Vergleich zu dem Chaos vor Weihnachten hatte ich wohl noch Gl\u00fcck. &hellip; <a href=\"https:\/\/martin-esser.eu\/blog\/2010\/12\/mit-gerrit-und-daniel-in-hamburg\/\" class=\"more-link\">Continue reading <span class=\"screen-reader-text\">Mit Gerrit und Daniel in Hamburg<\/span> <span class=\"meta-nav\">&rarr;<\/span><\/a><\/p>\n","protected":false},"author":2,"featured_media":0,"comment_status":"open","ping_status":"open","sticky":false,"template":"","format":"standard","meta":{"ngg_post_thumbnail":0,"footnotes":""},"categories":[5],"tags":[20,21],"class_list":["post-323","post","type-post","status-publish","format-standard","hentry","category-usa","tag-deutschland","tag-schnee"],"_links":{"self":[{"href":"https:\/\/martin-esser.eu\/blog\/wp-json\/wp\/v2\/posts\/323","targetHints":{"allow":["GET"]}}],"collection":[{"href":"https:\/\/martin-esser.eu\/blog\/wp-json\/wp\/v2\/posts"}],"about":[{"href":"https:\/\/martin-esser.eu\/blog\/wp-json\/wp\/v2\/types\/post"}],"author":[{"embeddable":true,"href":"https:\/\/martin-esser.eu\/blog\/wp-json\/wp\/v2\/users\/2"}],"replies":[{"embeddable":true,"href":"https:\/\/martin-esser.eu\/blog\/wp-json\/wp\/v2\/comments?post=323"}],"version-history":[{"count":3,"href":"https:\/\/martin-esser.eu\/blog\/wp-json\/wp\/v2\/posts\/323\/revisions"}],"predecessor-version":[{"id":333,"href":"https:\/\/martin-esser.eu\/blog\/wp-json\/wp\/v2\/posts\/323\/revisions\/333"}],"wp:attachment":[{"href":"https:\/\/martin-esser.eu\/blog\/wp-json\/wp\/v2\/media?parent=323"}],"wp:term":[{"taxonomy":"category","embeddable":true,"href":"https:\/\/martin-esser.eu\/blog\/wp-json\/wp\/v2\/categories?post=323"},{"taxonomy":"post_tag","embeddable":true,"href":"https:\/\/martin-esser.eu\/blog\/wp-json\/wp\/v2\/tags?post=323"}],"curies":[{"name":"wp","href":"https:\/\/api.w.org\/{rel}","templated":true}]}}